{"id":9770,"date":"2022-08-29T08:32:55","date_gmt":"2022-08-29T08:32:55","guid":{"rendered":"https:\/\/aura-handball.fr\/stages-vacances\/?p=9770"},"modified":"2025-06-27T05:47:26","modified_gmt":"2025-06-27T05:47:26","slug":"stages-vacances-ete-2022-clap-de-fin","status":"publish","type":"post","link":"https:\/\/aura-handball.fr\/stages-vacances\/stages-vacances-ete-2022-clap-de-fin","title":{"rendered":"Stages Vacances \u00c9t\u00e9 2022 | Clap de fin !"},"content":{"rendered":"<p class=\"p1\" style=\"text-align: justify;\">Et voil\u00e0, l\u2019\u00e9dition 2022 de nos Stages Vacances se termine apr\u00e8s 3 belles semaines \u00e0 Passy et 2 belles semaines \u00e0 Saint-Laurent-de-Chamousset ! Pour revivre en images le stage de Passy c&rsquo;est par <strong><span style=\"color: #c79301;\"><a style=\"color: #c79301;\" href=\"https:\/\/aura-handball.fr\/stages-vacances\/stage-passy\/presentation-stage-passy\/actualites-passy-2022\">ici<\/a><\/span><\/strong> et le stage de \u00ab\u00a0Saint-Lau\u00a0\u00bb c&rsquo;est par <strong><span style=\"color: #c79301;\"><a style=\"color: #c79301;\" href=\"https:\/\/aura-handball.fr\/stages-vacances\/stage-st-laurent-de-chamousset\/presentation\/actualites-st-laurent-2022\">l\u00e0<\/a><\/span><\/strong>.<\/p>\n<p>&nbsp;<\/p>\n<p class=\"p1\" style=\"text-align: justify;\">Pour faire nos stages vacances, il faut des jeunes \u00e2g\u00e9s de 7 \u00e0 17 ans,\u00a0des montagnes, des monts et du soleil,\u00a0du handball et de multiples activit\u00e9s mais aussi (et surtout) une \u00e9quipe pour organiser tout \u00e7a ! Sp\u00e9ciale d\u00e9dicace \u00e0 toutes les personnes des \u00ab\u00a0teams\u00a0\u00bb animation, entra\u00eenement, cuisine\/entretien, m\u00e9dical, h\u00e9bergement\/restauration, communication et organisation qui \u00e9taient pr\u00e9sentes \u00e0 nos c\u00f4t\u00e9s tout au long de cet \u00e9t\u00e9 !<\/p>\n<p>&nbsp;<\/p>\n<h5 class=\"p3\"><span style=\"color: #1a3e71;\">PASSY<\/span><\/h5>\n<p class=\"p1\"><strong>ANIMATION<\/strong> &gt; Astrid, Bastien, Camille P., Camille R., Charlyne, Corinne, Elie, Flavie, Jules, Justine P., Justine T., L\u00e9onie, Lisa, Lou, Marie, Marin, Margot, Mathieu, Meije, Ninon, Romane C. &amp; Romane D.<\/p>\n<p class=\"p1\"><strong>ENTRA\u00ceNEMENT<\/strong> &gt; Alexandre, Anthony, Bastien, Dimitri, Dorian, Farid, Geoffrey, Hugo, Mathieu, Nathan, Simon &amp; Thibault<\/p>\n<p class=\"p1\"><b>CUISINE\/ENTRETIEN<\/b>\u00a0&gt; Emmanuel, Camille, Hugo A., Hugo L., Luca &amp; Titouan<\/p>\n<p class=\"p1\"><b>ASSISTANCE SANITAIRE<\/b>\u00a0&gt; Alix, Am\u00e9lie &amp; Margot<\/p>\n<p class=\"p1\"><b>COMMUNICATION<\/b> &gt;<span class=\"Apple-converted-space\">\u00a0 <\/span>Barnab\u00e9 &amp; Lila<\/p>\n<p class=\"p1\"><strong>ORGANISATION<\/strong> &gt; J\u00e9r\u00e9my, Ludovic, Nicola\u00ef &amp; Sa\u00efd<\/p>\n<p>&nbsp;<\/p>\n<h5 class=\"p3\"><strong><span style=\"color: #9b1614;\">SAINT-LAURENT-DE-CHAMOUSSET<\/span><\/strong><\/h5>\n<p class=\"p1\"><strong>ANIMATION<\/strong> &gt; Ana\u00efs, Camille, Emma, Johanne, Laurie, Marie, Marine, Noam &amp; Valentin<\/p>\n<p class=\"p1\"><strong>ENTRA\u00ceNEMENT<\/strong> &gt; Antoine, Dimitri, Laura &amp; Tom<\/p>\n<p class=\"p1\"><strong>H\u00c9BERGEMENT\/RESTAURATION<\/strong> &gt; Toute l\u2019\u00e9quipe de la Maison Familiale Rurale de St Laurent de Chamousset<\/p>\n<p class=\"p1\"><strong>DIRECTION<\/strong> &gt; Corinne &amp; J\u00e9r\u00e9my<\/p>\n<p>&nbsp;<\/p>\n<p class=\"p1\">Une \u00e9dition r\u00e9ussie gr\u00e2ce \u00e0 vous tous et \u00e0 vous toutes\u2026\u00a0<span class=\"s1\">\ud835\udd44\ud835\udd3c\u211d\u2102\ud835\udd40<\/span> !<\/p>\n<p class=\"p1\">Et <span class=\"s1\">\ud835\udd44\ud835\udd3c\u211d\u2102\ud835\udd40 \u00e0 tous les jeunes qui ont particip\u00e9 \u00e0 cette \u00e9dition 2022 ! On esp\u00e8re que vous \u00eates repartis avec plein de jolis souvenirs et que les batteries sont bien recharg\u00e9es \u00e0 quelques jours de la rentr\u00e9e.<\/span><\/p>\n<p>&nbsp;<\/p>\n<p class=\"p1\" style=\"text-align: justify;\"><em>PS : Les Stages Vacances de la Ligue Auvergne Rh\u00f4ne Alpes Handball vous donnent rendez-vous en 2023 ! A bient\u00f4t \ud83d\ude42<\/em><\/p>\n<p>&nbsp;<\/p>\n<p>&nbsp;<\/p>\n<p><img loading=\"lazy\" class=\" wp-image-9775 aligncenter\" src=\"https:\/\/aura-handball.fr\/stages-vacances\/wp-content\/uploads\/2022\/08\/Slider_SI_Stages_2022_fin_stage.png\" alt=\"\" width=\"666\" height=\"333\" data-id=\"9775\" srcset=\"https:\/\/aura-handball.fr\/stages-vacances\/wp-content\/uploads\/2022\/08\/Slider_SI_Stages_2022_fin_stage.png 800w, https:\/\/aura-handball.fr\/stages-vacances\/wp-content\/uploads\/2022\/08\/Slider_SI_Stages_2022_fin_stage-300x150.png 300w, https:\/\/aura-handball.fr\/stages-vacances\/wp-content\/uploads\/2022\/08\/Slider_SI_Stages_2022_fin_stage-768x384.png 768w\" sizes=\"(max-width: 666px) 100vw, 666px\" \/><\/p>\n<p>&nbsp;<\/p>\n<p>&nbsp;<\/p>\n<p style=\"text-align: center;\"><img loading=\"lazy\" class=\" wp-image-9795 aligncenter\" src=\"https:\/\/aura-handball.fr\/stages-vacances\/wp-content\/uploads\/2022\/08\/Passy_2022_Orga.jpeg\" alt=\"\" width=\"661\" height=\"372\" data-id=\"9795\" srcset=\"https:\/\/aura-handball.fr\/stages-vacances\/wp-content\/uploads\/2022\/08\/Passy_2022_Orga.jpeg 960w, https:\/\/aura-handball.fr\/stages-vacances\/wp-content\/uploads\/2022\/08\/Passy_2022_Orga-300x169.jpeg 300w, https:\/\/aura-handball.fr\/stages-vacances\/wp-content\/uploads\/2022\/08\/Passy_2022_Orga-768x433.jpeg 768w\" sizes=\"(max-width: 661px) 100vw, 661px\" \/>Passy 2022<\/p>\n<p>&nbsp;<\/p>\n<p style=\"text-align: center;\"><img loading=\"lazy\" class=\"wp-image-9796 aligncenter\" src=\"https:\/\/aura-handball.fr\/stages-vacances\/wp-content\/uploads\/2022\/08\/SLC_2022_Orga.jpg\" alt=\"\" width=\"660\" height=\"495\" data-id=\"9796\" srcset=\"https:\/\/aura-handball.fr\/stages-vacances\/wp-content\/uploads\/2022\/08\/SLC_2022_Orga.jpg 1024w, https:\/\/aura-handball.fr\/stages-vacances\/wp-content\/uploads\/2022\/08\/SLC_2022_Orga-300x225.jpg 300w, https:\/\/aura-handball.fr\/stages-vacances\/wp-content\/uploads\/2022\/08\/SLC_2022_Orga-768x576.jpg 768w\" sizes=\"(max-width: 660px) 100vw, 660px\" \/>Saint-Laurent-de-Chamousset 2022<\/p>\n","protected":false},"excerpt":{"rendered":"<p>Et voil\u00e0, l\u2019\u00e9dition 2022 de nos Stages Vacances se termine apr\u00e8s 3 belles semaines \u00e0 Passy et 2 belles semaines \u00e0 Saint-Laurent-de-Chamousset ! Pour revivre en images le stage de<\/p>\n","protected":false},"author":3,"featured_media":9775,"comment_status":"closed","ping_status":"closed","sticky":false,"template":"","format":"standard","meta":[],"categories":[47],"tags":[],"_links":{"self":[{"href":"https:\/\/aura-handball.fr\/stages-vacances\/wp-json\/wp\/v2\/posts\/9770"}],"collection":[{"href":"https:\/\/aura-handball.fr\/stages-vacances\/wp-json\/wp\/v2\/posts"}],"about":[{"href":"https:\/\/aura-handball.fr\/stages-vacances\/wp-json\/wp\/v2\/types\/post"}],"author":[{"embeddable":true,"href":"https:\/\/aura-handball.fr\/stages-vacances\/wp-json\/wp\/v2\/users\/3"}],"replies":[{"embeddable":true,"href":"https:\/\/aura-handball.fr\/stages-vacances\/wp-json\/wp\/v2\/comments?post=9770"}],"version-history":[{"count":22,"href":"https:\/\/aura-handball.fr\/stages-vacances\/wp-json\/wp\/v2\/posts\/9770\/revisions"}],"predecessor-version":[{"id":9798,"href":"https:\/\/aura-handball.fr\/stages-vacances\/wp-json\/wp\/v2\/posts\/9770\/revisions\/9798"}],"wp:featuredmedia":[{"embeddable":true,"href":"https:\/\/aura-handball.fr\/stages-vacances\/wp-json\/wp\/v2\/media\/9775"}],"wp:attachment":[{"href":"https:\/\/aura-handball.fr\/stages-vacances\/wp-json\/wp\/v2\/media?parent=9770"}],"wp:term":[{"taxonomy":"category","embeddable":true,"href":"https:\/\/aura-handball.fr\/stages-vacances\/wp-json\/wp\/v2\/categories?post=9770"},{"taxonomy":"post_tag","embeddable":true,"href":"https:\/\/aura-handball.fr\/stages-vacances\/wp-json\/wp\/v2\/tags?post=9770"}],"curies":[{"name":"wp","href":"https:\/\/api.w.org\/{rel}","templated":true}]}}