{"id":4869,"date":"2021-07-27T17:37:37","date_gmt":"2021-07-27T17:37:37","guid":{"rendered":"http:\/\/aura-handball.fr\/stages-vacances\/?p=4869"},"modified":"2021-07-27T17:38:01","modified_gmt":"2021-07-27T17:38:01","slug":"mardi-s3-passy","status":"publish","type":"post","link":"https:\/\/aura-handball.fr\/stages-vacances\/mardi-s3-passy","title":{"rendered":"Mardi S3 &#8211; Passy"},"content":{"rendered":"<p>Une journ\u00e9e de mardi bien remplie pour les stagiaires. Le matin, les G1 et G2 sont partis en activit\u00e9 rafting. Bien \u00e9quip\u00e9s pour s&rsquo;amuser dans une eau \u00e0 7 degr\u00e9s, ils ont pass\u00e9 un super moment !<\/p>\n<p>Pendant ce temps l\u00e0, les G5 \u00e9taient en atelier cuisine. Ils ont pr\u00e9par\u00e9 des roses des sables au chocolat pour tout le monde&#8230; On a h\u00e2te de go\u00fbter \u00e7a !<\/p>\n<p>Les G3 sont all\u00e9s en excursion\/rando ce matin, puis ont eu entrainement de handball cet apr\u00e8s midi. L&rsquo;inverse pour les G4 qui se sont entra\u00een\u00e9s le matin, et sont all\u00e9s en for\u00eat l&rsquo;apr\u00e8s-midi.<\/p>\n<div tabindex=\"0\" class=\"cycloneslider cycloneslider-template-standard cycloneslider-width-responsive\" id=\"cycloneslider-mardi-s3-passy-1\" style=\"max-width:960px\" > <div class=\"cycloneslider-slides cycle-slideshow\" data-cycle-allow-wrap=\"true\" data-cycle-dynamic-height=\"off\" data-cycle-auto-height=\"960:600\" data-cycle-auto-height-easing=\"null\" data-cycle-auto-height-speed=\"250\" data-cycle-delay=\"0\" data-cycle-easing=\"\" data-cycle-fx=\"fade\" data-cycle-hide-non-active=\"true\" data-cycle-log=\"false\" data-cycle-next=\"#cycloneslider-mardi-s3-passy-1 .cycloneslider-next\" data-cycle-pager=\"#cycloneslider-mardi-s3-passy-1 .cycloneslider-pager\" data-cycle-pause-on-hover=\"true\" data-cycle-prev=\"#cycloneslider-mardi-s3-passy-1 .cycloneslider-prev\" data-cycle-slides=\"&gt; div\" data-cycle-speed=\"1000\" data-cycle-swipe=\"1\" data-cycle-tile-count=\"7\" data-cycle-tile-delay=\"100\" data-cycle-tile-vertical=\"true\" data-cycle-timeout=\"4000\" > <div class=\"cycloneslider-slide cycloneslider-slide-image\" > <img src=\"https:\/\/aura-handball.fr\/stages-vacances\/wp-content\/uploads\/2021\/07\/G2-entrainement-1-960x600.jpg\" alt=\"\" title=\"\" \/> <\/div> <div class=\"cycloneslider-slide cycloneslider-slide-image\" > <img src=\"https:\/\/aura-handball.fr\/stages-vacances\/wp-content\/uploads\/2021\/07\/G2-entrainement-9-960x600.jpg\" alt=\"\" title=\"\" \/> <\/div> <div class=\"cycloneslider-slide cycloneslider-slide-image\" > <img src=\"https:\/\/aura-handball.fr\/stages-vacances\/wp-content\/uploads\/2021\/07\/G3-entrainement-3-1-960x600.jpg\" alt=\"\" title=\"\" \/> <\/div> <div class=\"cycloneslider-slide cycloneslider-slide-image\" > <img src=\"https:\/\/aura-handball.fr\/stages-vacances\/wp-content\/uploads\/2021\/07\/G3-entrainement-7-960x600.jpg\" alt=\"\" title=\"\" \/> <\/div> <div class=\"cycloneslider-slide cycloneslider-slide-image\" > <img src=\"https:\/\/aura-handball.fr\/stages-vacances\/wp-content\/uploads\/2021\/07\/G4-mardi-1-960x600.jpg\" alt=\"\" title=\"\" \/> <\/div> <div class=\"cycloneslider-slide cycloneslider-slide-image\" > <img src=\"https:\/\/aura-handball.fr\/stages-vacances\/wp-content\/uploads\/2021\/07\/G4-randonnee-960x600.jpg\" alt=\"\" title=\"\" \/> <\/div> <div class=\"cycloneslider-slide cycloneslider-slide-image\" > <img src=\"https:\/\/aura-handball.fr\/stages-vacances\/wp-content\/uploads\/2021\/07\/G5-cuisine-3-960x600.jpg\" alt=\"\" title=\"\" \/> <\/div> <div class=\"cycloneslider-slide cycloneslider-slide-image\" > <img src=\"https:\/\/aura-handball.fr\/stages-vacances\/wp-content\/uploads\/2021\/07\/G5-cuisine-6-960x600.jpg\" alt=\"\" title=\"\" \/> <\/div> <div class=\"cycloneslider-slide cycloneslider-slide-image\" > <img src=\"https:\/\/aura-handball.fr\/stages-vacances\/wp-content\/uploads\/2021\/07\/G5-mardi-960x600.jpg\" alt=\"\" title=\"\" \/> <\/div> <div class=\"cycloneslider-slide cycloneslider-slide-image\" > <img src=\"https:\/\/aura-handball.fr\/stages-vacances\/wp-content\/uploads\/2021\/07\/IMG_4343-960x600.jpg\" alt=\"\" title=\"\" \/> <\/div> <div class=\"cycloneslider-slide cycloneslider-slide-image\" > <img src=\"https:\/\/aura-handball.fr\/stages-vacances\/wp-content\/uploads\/2021\/07\/IMG_4346-960x600.jpg\" alt=\"\" title=\"\" \/> <\/div> <\/div> <div class=\"cycloneslider-pager\"><\/div> <a href=\"#\" class=\"cycloneslider-prev\"> <span class=\"arrow\"><\/span> <\/a> <a href=\"#\" class=\"cycloneslider-next\"> <span class=\"arrow\"><\/span> <\/a> <\/div>\n<p>&nbsp;<\/p>\n<p>Ce soir, la veill\u00e9e au lac pour les G3 et G4 est tomb\u00e9e \u00e0 l&rsquo;eau, sous de grosses trombes d&rsquo;eau ! Ce sera donc une veill\u00e9e au lyc\u00e9e. Tandis que les G1 et G2 vont jouer des matchs de handball.<\/p>\n","protected":false},"excerpt":{"rendered":"<p>Une journ\u00e9e de mardi bien remplie pour les stagiaires. Le matin, les G1 et G2 sont partis en activit\u00e9 rafting. Bien \u00e9quip\u00e9s pour s&rsquo;amuser dans une eau \u00e0 7 degr\u00e9s,<\/p>\n","protected":false},"author":8,"featured_media":4881,"comment_status":"closed","ping_status":"closed","sticky":false,"template":"","format":"standard","meta":[],"categories":[42,45],"tags":[],"_links":{"self":[{"href":"https:\/\/aura-handball.fr\/stages-vacances\/wp-json\/wp\/v2\/posts\/4869"}],"collection":[{"href":"https:\/\/aura-handball.fr\/stages-vacances\/wp-json\/wp\/v2\/posts"}],"about":[{"href":"https:\/\/aura-handball.fr\/stages-vacances\/wp-json\/wp\/v2\/types\/post"}],"author":[{"embeddable":true,"href":"https:\/\/aura-handball.fr\/stages-vacances\/wp-json\/wp\/v2\/users\/8"}],"replies":[{"embeddable":true,"href":"https:\/\/aura-handball.fr\/stages-vacances\/wp-json\/wp\/v2\/comments?post=4869"}],"version-history":[{"count":3,"href":"https:\/\/aura-handball.fr\/stages-vacances\/wp-json\/wp\/v2\/posts\/4869\/revisions"}],"predecessor-version":[{"id":4884,"href":"https:\/\/aura-handball.fr\/stages-vacances\/wp-json\/wp\/v2\/posts\/4869\/revisions\/4884"}],"wp:featuredmedia":[{"embeddable":true,"href":"https:\/\/aura-handball.fr\/stages-vacances\/wp-json\/wp\/v2\/media\/4881"}],"wp:attachment":[{"href":"https:\/\/aura-handball.fr\/stages-vacances\/wp-json\/wp\/v2\/media?parent=4869"}],"wp:term":[{"taxonomy":"category","embeddable":true,"href":"https:\/\/aura-handball.fr\/stages-vacances\/wp-json\/wp\/v2\/categories?post=4869"},{"taxonomy":"post_tag","embeddable":true,"href":"https:\/\/aura-handball.fr\/stages-vacances\/wp-json\/wp\/v2\/tags?post=4869"}],"curies":[{"name":"wp","href":"https:\/\/api.w.org\/{rel}","templated":true}]}}