{"id":13216,"date":"2024-07-23T17:16:11","date_gmt":"2024-07-23T17:16:11","guid":{"rendered":"https:\/\/aura-handball.fr\/stages-vacances\/?p=13216"},"modified":"2024-07-23T17:16:55","modified_gmt":"2024-07-23T17:16:55","slug":"mardi-23-juillet-2024","status":"publish","type":"post","link":"https:\/\/aura-handball.fr\/stages-vacances\/mardi-23-juillet-2024","title":{"rendered":"Mardi 23 juillet 2024"},"content":{"rendered":"<p>Pour ce mardi 23 juillet, les stagiaires ont tous eu entra\u00eenement de handball dans la matin\u00e9e. De quoi continuer les travaux d\u00e9but\u00e9s la veille avec les coachs&#8230; Les G3 et G1 ont aussi eu la chance d&rsquo;aller se d\u00e9tendre \u00e0 la piscine.<\/p>\n<div tabindex=\"0\" class=\"cycloneslider cycloneslider-template-standard cycloneslider-width-responsive\" id=\"cycloneslider-mardi-23-juillet-1\" style=\"max-width:960px\" > <div class=\"cycloneslider-slides cycle-slideshow\" data-cycle-allow-wrap=\"true\" data-cycle-dynamic-height=\"off\" data-cycle-auto-height=\"960:600\" data-cycle-auto-height-easing=\"null\" data-cycle-auto-height-speed=\"250\" data-cycle-delay=\"0\" data-cycle-easing=\"\" data-cycle-fx=\"fade\" data-cycle-hide-non-active=\"true\" data-cycle-log=\"false\" data-cycle-next=\"#cycloneslider-mardi-23-juillet-1 .cycloneslider-next\" data-cycle-pager=\"#cycloneslider-mardi-23-juillet-1 .cycloneslider-pager\" data-cycle-pause-on-hover=\"true\" data-cycle-prev=\"#cycloneslider-mardi-23-juillet-1 .cycloneslider-prev\" data-cycle-slides=\"&gt; div\" data-cycle-speed=\"1000\" data-cycle-swipe=\"1\" data-cycle-tile-count=\"7\" data-cycle-tile-delay=\"100\" data-cycle-tile-vertical=\"true\" data-cycle-timeout=\"4000\" > <div class=\"cycloneslider-slide cycloneslider-slide-image\" > <img src=\"https:\/\/aura-handball.fr\/stages-vacances\/wp-content\/uploads\/2024\/07\/IMG_G6-1-scaled-960x600.jpeg\" alt=\"\" title=\"\" \/> <\/div> <div class=\"cycloneslider-slide cycloneslider-slide-image\" > <img src=\"https:\/\/aura-handball.fr\/stages-vacances\/wp-content\/uploads\/2024\/07\/IMG_G5-1-scaled-960x600.jpeg\" alt=\"\" title=\"\" \/> <\/div> <div class=\"cycloneslider-slide cycloneslider-slide-image\" > <img src=\"https:\/\/aura-handball.fr\/stages-vacances\/wp-content\/uploads\/2024\/07\/IMG_3202-scaled-960x600.jpg\" alt=\"\" title=\"\" \/> <\/div> <div class=\"cycloneslider-slide cycloneslider-slide-image\" > <img src=\"https:\/\/aura-handball.fr\/stages-vacances\/wp-content\/uploads\/2024\/07\/IMG_3195-scaled-960x600.jpg\" alt=\"\" title=\"\" \/> <\/div> <div class=\"cycloneslider-slide cycloneslider-slide-image\" > <img src=\"https:\/\/aura-handball.fr\/stages-vacances\/wp-content\/uploads\/2024\/07\/IMG_3189-scaled-960x600.jpg\" alt=\"\" title=\"\" \/> <\/div> <div class=\"cycloneslider-slide cycloneslider-slide-image\" > <img src=\"https:\/\/aura-handball.fr\/stages-vacances\/wp-content\/uploads\/2024\/07\/WhatsApp-Image-2024-07-23-at-18.41.41-960x600.jpeg\" alt=\"\" title=\"\" \/> <\/div> <div class=\"cycloneslider-slide cycloneslider-slide-image\" > <img src=\"https:\/\/aura-handball.fr\/stages-vacances\/wp-content\/uploads\/2024\/07\/WhatsApp-Image-2024-07-23-at-17.16.13-960x600.jpeg\" alt=\"\" title=\"\" \/> <\/div> <div class=\"cycloneslider-slide cycloneslider-slide-image\" > <img src=\"https:\/\/aura-handball.fr\/stages-vacances\/wp-content\/uploads\/2024\/07\/PHOTO-2024-07-23-16-43-14-960x600.jpg\" alt=\"\" title=\"\" \/> <\/div> <div class=\"cycloneslider-slide cycloneslider-slide-image\" > <img src=\"https:\/\/aura-handball.fr\/stages-vacances\/wp-content\/uploads\/2024\/07\/6ee96d8c-419d-420d-8128-1b5294e38cc0-960x600.jpg\" alt=\"\" title=\"\" \/> <\/div> <div class=\"cycloneslider-slide cycloneslider-slide-image\" > <img src=\"https:\/\/aura-handball.fr\/stages-vacances\/wp-content\/uploads\/2024\/07\/4b3c8754-fa24-401f-9bbf-92e2cf84acf2-960x600.jpg\" alt=\"\" title=\"\" \/> <\/div> <\/div> <div class=\"cycloneslider-pager\"><\/div> <a href=\"#\" class=\"cycloneslider-prev\"> <span class=\"arrow\"><\/span> <\/a> <a href=\"#\" class=\"cycloneslider-next\"> <span class=\"arrow\"><\/span> <\/a> <\/div>\n<p>L&rsquo;apr\u00e8s-midi, les G1-G2-G3 ont particip\u00e9 \u00e0 une course d&rsquo;orientation autour du Boost Center. Ils devaient chercher des balises, remporter des points d&rsquo;animation et tirer \u00e0 la carabine laser.<\/p>\n<div tabindex=\"0\" class=\"cycloneslider cycloneslider-template-standard cycloneslider-width-responsive\" id=\"cycloneslider-mardi-23-juillet-co-2\" style=\"max-width:960px\" > <div class=\"cycloneslider-slides cycle-slideshow\" data-cycle-allow-wrap=\"true\" data-cycle-dynamic-height=\"off\" data-cycle-auto-height=\"960:600\" data-cycle-auto-height-easing=\"null\" data-cycle-auto-height-speed=\"250\" data-cycle-delay=\"0\" data-cycle-easing=\"\" data-cycle-fx=\"fade\" data-cycle-hide-non-active=\"true\" data-cycle-log=\"false\" data-cycle-next=\"#cycloneslider-mardi-23-juillet-co-2 .cycloneslider-next\" data-cycle-pager=\"#cycloneslider-mardi-23-juillet-co-2 .cycloneslider-pager\" data-cycle-pause-on-hover=\"true\" data-cycle-prev=\"#cycloneslider-mardi-23-juillet-co-2 .cycloneslider-prev\" data-cycle-slides=\"&gt; div\" data-cycle-speed=\"1000\" data-cycle-swipe=\"1\" data-cycle-tile-count=\"7\" data-cycle-tile-delay=\"100\" data-cycle-tile-vertical=\"true\" data-cycle-timeout=\"4000\" > <div class=\"cycloneslider-slide cycloneslider-slide-image\" > <img src=\"https:\/\/aura-handball.fr\/stages-vacances\/wp-content\/uploads\/2024\/07\/IMG_3251-scaled-960x600.jpg\" alt=\"\" title=\"\" \/> <\/div> <div class=\"cycloneslider-slide cycloneslider-slide-image\" > <img src=\"https:\/\/aura-handball.fr\/stages-vacances\/wp-content\/uploads\/2024\/07\/IMG_3261-scaled-960x600.jpg\" alt=\"\" title=\"\" \/> <\/div> <div class=\"cycloneslider-slide cycloneslider-slide-image\" > <img src=\"https:\/\/aura-handball.fr\/stages-vacances\/wp-content\/uploads\/2024\/07\/IMG_5452-scaled-960x600.jpeg\" alt=\"\" title=\"\" \/> <\/div> <div class=\"cycloneslider-slide cycloneslider-slide-image\" > <img src=\"https:\/\/aura-handball.fr\/stages-vacances\/wp-content\/uploads\/2024\/07\/IMG_5461-scaled-960x600.jpeg\" alt=\"\" title=\"\" \/> <\/div> <div class=\"cycloneslider-slide cycloneslider-slide-image\" > <img src=\"https:\/\/aura-handball.fr\/stages-vacances\/wp-content\/uploads\/2024\/07\/IMG_5486-scaled-960x600.jpeg\" alt=\"\" title=\"\" \/> <\/div> <div class=\"cycloneslider-slide cycloneslider-slide-image\" > <img src=\"https:\/\/aura-handball.fr\/stages-vacances\/wp-content\/uploads\/2024\/07\/IMG_5490-scaled-960x600.jpeg\" alt=\"\" title=\"\" \/> <\/div> <div class=\"cycloneslider-slide cycloneslider-slide-image\" > <img src=\"https:\/\/aura-handball.fr\/stages-vacances\/wp-content\/uploads\/2024\/07\/IMG_5502-2-scaled-960x600.jpeg\" alt=\"\" title=\"\" \/> <\/div> <div class=\"cycloneslider-slide cycloneslider-slide-image\" > <img src=\"https:\/\/aura-handball.fr\/stages-vacances\/wp-content\/uploads\/2024\/07\/IMG_5516-scaled-960x600.jpeg\" alt=\"\" title=\"\" \/> <\/div> <\/div> <div class=\"cycloneslider-pager\"><\/div> <a href=\"#\" class=\"cycloneslider-prev\"> <span class=\"arrow\"><\/span> <\/a> <a href=\"#\" class=\"cycloneslider-next\"> <span class=\"arrow\"><\/span> <\/a> <\/div>\n<p>Tandis que les G4-G5-G6 ont eu entra\u00eenement et piscine.<\/p>\n<p>Ce soir, les G3 et G4 vont avoir match ! Tandis que les autres groupes participeront \u00e0 une veill\u00e9e collective.<\/p>\n<p>&nbsp;<\/p>\n","protected":false},"excerpt":{"rendered":"<p>Pour ce mardi 23 juillet, les stagiaires ont tous eu entra\u00eenement de handball dans la matin\u00e9e. De quoi continuer les travaux d\u00e9but\u00e9s la veille avec les coachs&#8230; Les G3 et<\/p>\n","protected":false},"author":8,"featured_media":13206,"comment_status":"closed","ping_status":"closed","sticky":false,"template":"","format":"standard","meta":[],"categories":[87,90],"tags":[],"_links":{"self":[{"href":"https:\/\/aura-handball.fr\/stages-vacances\/wp-json\/wp\/v2\/posts\/13216"}],"collection":[{"href":"https:\/\/aura-handball.fr\/stages-vacances\/wp-json\/wp\/v2\/posts"}],"about":[{"href":"https:\/\/aura-handball.fr\/stages-vacances\/wp-json\/wp\/v2\/types\/post"}],"author":[{"embeddable":true,"href":"https:\/\/aura-handball.fr\/stages-vacances\/wp-json\/wp\/v2\/users\/8"}],"replies":[{"embeddable":true,"href":"https:\/\/aura-handball.fr\/stages-vacances\/wp-json\/wp\/v2\/comments?post=13216"}],"version-history":[{"count":1,"href":"https:\/\/aura-handball.fr\/stages-vacances\/wp-json\/wp\/v2\/posts\/13216\/revisions"}],"predecessor-version":[{"id":13218,"href":"https:\/\/aura-handball.fr\/stages-vacances\/wp-json\/wp\/v2\/posts\/13216\/revisions\/13218"}],"wp:featuredmedia":[{"embeddable":true,"href":"https:\/\/aura-handball.fr\/stages-vacances\/wp-json\/wp\/v2\/media\/13206"}],"wp:attachment":[{"href":"https:\/\/aura-handball.fr\/stages-vacances\/wp-json\/wp\/v2\/media?parent=13216"}],"wp:term":[{"taxonomy":"category","embeddable":true,"href":"https:\/\/aura-handball.fr\/stages-vacances\/wp-json\/wp\/v2\/categories?post=13216"},{"taxonomy":"post_tag","embeddable":true,"href":"https:\/\/aura-handball.fr\/stages-vacances\/wp-json\/wp\/v2\/tags?post=13216"}],"curies":[{"name":"wp","href":"https:\/\/api.w.org\/{rel}","templated":true}]}}